{"id":5299,"date":"2026-08-31T20:51:33","date_gmt":"2026-08-31T18:51:33","guid":{"rendered":"https:\/\/www.dersteinerwirt.at\/?p=5299"},"modified":"2026-08-31T21:07:30","modified_gmt":"2026-08-31T19:07:30","slug":"ja-man-camp-mit-max-in-lofer","status":"publish","type":"post","link":"https:\/\/www.dersteinerwirt.at\/en\/ja-man-camp-mit-max-in-lofer\/","title":{"rendered":"JA MAN! Camp mit Max in Lofer"},"content":{"rendered":"<div class=\"wpb-content-wrapper\"><p>[vc_row][vc_column width=&#8221;1\/1&#8243;][\/vc_column][\/vc_row][vc_row row_height_percent=&#8221;0&#8243; override_padding=&#8221;yes&#8221; h_padding=&#8221;2&#8243; top_padding=&#8221;5&#8243; bottom_padding=&#8221;3&#8243; overlay_alpha=&#8221;100&#8243; gutter_size=&#8221;3&#8243; column_width_percent=&#8221;100&#8243; shift_y=&#8221;0&#8243; z_index=&#8221;0&#8243; row_height_use_pixel=&#8221;&#8221;][vc_column column_width_use_pixel=&#8221;yes&#8221; gutter_size=&#8221;3&#8243; overlay_alpha=&#8221;50&#8243; shift_x=&#8221;0&#8243; shift_y=&#8221;0&#8243; shift_y_down=&#8221;0&#8243; z_index=&#8221;0&#8243; medium_width=&#8221;0&#8243; mobile_width=&#8221;0&#8243; zoom_width=&#8221;0&#8243; zoom_height=&#8221;0&#8243; column_width_pixel=&#8221;800&#8243;][vc_column_text uncode_shortcode_id=&#8221;178836&#8243;]JA MAN! Ab in die Berge und mal richtig einen abgraveln. Viel Zeit, gemeinsam hochzuschalten und eine Woche raus aus dem Alltag, rein ins Gravel-Abenteuer.<\/p>\n<p>N\u00e4chstes Jahr geht\u2019s mit Max nach Lofer.<br \/>\nLofer liegt im Salzburger Saalachtal, ziemlich genau dort, wo \u00d6sterreich langsam anf\u00e4ngt, unfair sch\u00f6n zu werden. Zwischen den Loferer und Reither Steinbergen, gr\u00fcnen T\u00e4lern, kleinen Bergstra\u00dfen, Forstwegen und jeder Menge Panorama wartet ein riesiger Spielplatz f\u00fcr alles, was zwei R\u00e4der hat. Und genau den wollen wir gemeinsam erkunden.<\/p>\n<p>Was euch erwartet?<br \/>\nWir wollen gemeinsam mit dem Gravelbike die Gegend erkunden. Mal geht\u2019s fr\u00fch morgens los, wenn die Berge noch im ersten Licht stehen. Mal nehmen wir uns eine l\u00e4ngere Tour vor, bei der am Ende niemand mehr genau wei\u00df, warum wir eigentlich gesagt haben \u201edas sind nur noch 20 Kilometer\u201c. Wir fahren \u00fcber kleine Asphaltstra\u00dfen, Schotterwege und versteckte Wege durchs Tal, entdecken abgelegene Ecken, machen Pausen an Seen und H\u00fctten und suchen uns die besten Anstiege und Abfahrten der Region. Je nach Wetter, Lust und Beine k\u00f6nnen wir dabei richtig Kilometer sammeln \u2013 oder einfach mal irgendwo sitzen bleiben, ein Almdudler trinken und feststellen, dass das eigentlich auch ein ziemlich guter Trainingstag ist. Daneben werden wir aber auch noch gemeinsam die Laufschuhe schn\u00fcren uns ein paar sch\u00f6ne Trails vornehmen oder einfach mal eine lange Wanderung zum Sonnenaufgang machen. Es wird auf jeden Fall ein abwechslungsreiches Programm geben!<\/p>\n<p>Das Camp wird eine Mischung aus Gravel-Abenteuer, Trails, Urlaub und gemeinsamer Zeit. Du solltest mit H\u00f6henmetern generell vielleicht schon ein wenig vertraut sein, n Bordcomputer f\u00fcr die Navigation am Rad haben und Freude daran haben, dich auf neue Menschen und Abenteuer einzulassen. \ud83d\ude42<\/p>\n<p>Lofer 2027.<br \/>\nWir fahren los. Du kommst mit. \ud83d\udeb2\ud83c\udfd4\ufe0f[\/vc_column_text][vc_column_text uncode_shortcode_id=&#8221;455615&#8243;]<strong>DEIN INVESTMENT:<\/strong><\/p>\n<p><strong>Woche 1:<\/strong><br \/>\nAnreise Sonntag 29. August 2027<br \/>\nAbreise Sonntag 05. September 2027<\/p>\n<p><strong>Woche 2:<\/strong><br \/>\nAnreise Montag 06. September 2027<br \/>\nAbreise Montag 13. September 2027<\/p>\n<p><strong>\u20ac 1\u00b4399 pro Person in der Einzelbelegung (CLASSIC SMALL)<\/strong><br \/>\n<strong>\u20ac 1\u00b4179 pro Person in der Doppelbelegung (CLASSIC MEDIUM)<\/strong><\/p>\n<p><strong>INKLUSIVE:<br \/>\n<\/strong>* 7 \u00dcbernachtungen<br \/>\n* 7 mal Fr\u00fchst\u00fcck im STOANA BREAKFAST CLUB<br \/>\n* 7 mal Dinner (6 mal im hoteleigenen Restaurant ALMA, 1 mal ausw\u00e4rts)<br \/>\n* Nutzung der STOANA SAUNA<br \/>\n* G\u00e4stekarte Salzburger Saalachtalcard mit vielen Inklusivleistungen (zum Beispiel 1X am Tag kostenfrei mit der Gondel in die Almenwelt Lofer)<br \/>\n* Mobility Ticket zur kostenfreien Nutzung aller \u00f6ffentlichen Verkehrsmittel im Salzburger Land<\/p>\n<p>* Programm mit Max:<br \/>\ntba<\/p>\n<p><strong>EXKLUSIVE:<br \/>\n<\/strong>* Ortstaxe, \u20ac 2\u00b495 pro Person\/Nacht<br \/>\n* Mobilit\u00e4tsabgabe, \u20ac 0\u00b450 pro Person\/Nacht<\/p>\n<p>&nbsp;<\/p>\n<p>LARGE, BALCONY UND WHIRLPOOL ZIMMER sind gegen Aufpreis buchbar!<\/p>\n<p>Buchung bitte \u00fcber den WhatsApp Button oder per Mail an\u00a0<a href=\"lisa@dersteinerwirt.at\" target=\"_blank\" rel=\"noopener\">lisa@dersteinerwirt.at<\/a>[\/vc_column_text][\/vc_column][\/vc_row][vc_row row_height_percent=&#8221;0&#8243; override_padding=&#8221;yes&#8221; h_padding=&#8221;2&#8243; top_padding=&#8221;0&#8243; bottom_padding=&#8221;0&#8243; overlay_alpha=&#8221;100&#8243; gutter_size=&#8221;3&#8243; column_width_percent=&#8221;100&#8243; shift_y=&#8221;0&#8243; z_index=&#8221;0&#8243; row_height_use_pixel=&#8221;&#8221;][vc_column column_width_use_pixel=&#8221;yes&#8221; gutter_size=&#8221;3&#8243; overlay_alpha=&#8221;50&#8243; shift_x=&#8221;0&#8243; shift_y=&#8221;0&#8243; medium_width=&#8221;0&#8243; zoom_width=&#8221;0&#8243; zoom_height=&#8221;0&#8243; width=&#8221;5\/6&#8243;][vc_gallery el_id=&#8221;gallery-251377&#8243; medias=&#8221;5261,5254,5246,5252,5244&#8243; gutter_size=&#8221;3&#8243; single_overlay_opacity=&#8221;50&#8243; single_padding=&#8221;2&#8243; uncode_shortcode_id=&#8221;178215&#8243;][\/vc_column][\/vc_row][vc_row row_height_percent=&#8221;0&#8243; override_padding=&#8221;yes&#8221; h_padding=&#8221;2&#8243; top_padding=&#8221;3&#8243; bottom_padding=&#8221;3&#8243; overlay_alpha=&#8221;100&#8243; gutter_size=&#8221;3&#8243; column_width_percent=&#8221;100&#8243; shift_y=&#8221;0&#8243; z_index=&#8221;0&#8243; row_height_use_pixel=&#8221;&#8221;][vc_column column_width_use_pixel=&#8221;yes&#8221; gutter_size=&#8221;3&#8243; overlay_alpha=&#8221;50&#8243; shift_x=&#8221;0&#8243; shift_y=&#8221;0&#8243; medium_width=&#8221;0&#8243; zoom_width=&#8221;0&#8243; zoom_height=&#8221;0&#8243; column_width_pixel=&#8221;800&#8243;][\/vc_column][\/vc_row]<\/p>\n<\/div>","protected":false},"excerpt":{"rendered":"<p>im September 2027 <\/p>\n","protected":false},"author":5,"featured_media":3655,"comment_status":"open","ping_status":"open","sticky":false,"template":"","format":"standard","meta":{"rs_blank_template":"","rs_page_bg_color":"","slide_template_v7":"","footnotes":""},"categories":[14],"tags":[],"class_list":["post-5299","post","type-post","status-publish","format-standard","has-post-thumbnail","hentry","category-events"],"yoast_head":"<!-- This site is optimized with the Yoast SEO plugin v27.1.1 - https:\/\/yoast.com\/product\/yoast-seo-wordpress\/ -->\n<title>JA MAN! Camp mit Max in Lofer &#187; DER STEINERWIRT<\/title>\n<meta name=\"robots\" content=\"noindex, follow\" \/>\n<meta property=\"og:locale\" content=\"en_US\" \/>\n<meta property=\"og:type\" content=\"article\" \/>\n<meta property=\"og:title\" content=\"JA MAN! Camp mit Max in Lofer &#187; DER STEINERWIRT\" \/>\n<meta property=\"og:description\" content=\"im September 2027\" \/>\n<meta property=\"og:url\" content=\"https:\/\/www.dersteinerwirt.at\/en\/ja-man-camp-mit-max-in-lofer\/\" \/>\n<meta property=\"og:site_name\" content=\"DER STEINERWIRT\" \/>\n<meta property=\"article:publisher\" content=\"https:\/\/www.facebook.com\/dersteinerwirt.at\/\" \/>\n<meta property=\"article:published_time\" content=\"2026-08-31T18:51:33+00:00\" \/>\n<meta property=\"article:modified_time\" content=\"2026-08-31T19:07:30+00:00\" \/>\n<meta property=\"og:image\" content=\"https:\/\/www.dersteinerwirt.at\/wp-content\/uploads\/2024\/04\/image00001-scaled.jpeg\" \/>\n\t<meta property=\"og:image:width\" content=\"2560\" \/>\n\t<meta property=\"og:image:height\" content=\"1696\" \/>\n\t<meta property=\"og:image:type\" content=\"image\/jpeg\" \/>\n<meta name=\"author\" content=\"Lisa Maria Roos\" \/>\n<meta name=\"twitter:card\" content=\"summary_large_image\" \/>\n<meta name=\"twitter:label1\" content=\"Written by\" \/>\n\t<meta name=\"twitter:data1\" content=\"Lisa Maria Roos\" \/>\n\t<meta name=\"twitter:label2\" content=\"Est. reading time\" \/>\n\t<meta name=\"twitter:data2\" content=\"3 minutes\" \/>\n<script type=\"application\/ld+json\" class=\"yoast-schema-graph\">{\"@context\":\"https:\/\/schema.org\",\"@graph\":[{\"@type\":\"Article\",\"@id\":\"https:\/\/www.dersteinerwirt.at\/en\/ja-man-camp-mit-max-in-lofer\/#article\",\"isPartOf\":{\"@id\":\"https:\/\/www.dersteinerwirt.at\/en\/ja-man-camp-mit-max-in-lofer\/\"},\"author\":{\"name\":\"Lisa Maria Roos\",\"@id\":\"https:\/\/www.dersteinerwirt.at\/en\/#\/schema\/person\/7f8668c8d072ab97e4ecdd78aed97d97\"},\"headline\":\"JA MAN! Camp mit Max in Lofer\",\"datePublished\":\"2026-08-31T18:51:33+00:00\",\"dateModified\":\"2026-08-31T19:07:30+00:00\",\"mainEntityOfPage\":{\"@id\":\"https:\/\/www.dersteinerwirt.at\/en\/ja-man-camp-mit-max-in-lofer\/\"},\"wordCount\":643,\"commentCount\":0,\"publisher\":{\"@id\":\"https:\/\/www.dersteinerwirt.at\/en\/#organization\"},\"image\":{\"@id\":\"https:\/\/www.dersteinerwirt.at\/en\/ja-man-camp-mit-max-in-lofer\/#primaryimage\"},\"thumbnailUrl\":\"https:\/\/www.dersteinerwirt.at\/wp-content\/uploads\/2024\/04\/image00001-scaled.jpeg\",\"articleSection\":[\"Events\"],\"inLanguage\":\"en-US\",\"potentialAction\":[{\"@type\":\"CommentAction\",\"name\":\"Comment\",\"target\":[\"https:\/\/www.dersteinerwirt.at\/en\/ja-man-camp-mit-max-in-lofer\/#respond\"]}]},{\"@type\":\"WebPage\",\"@id\":\"https:\/\/www.dersteinerwirt.at\/en\/ja-man-camp-mit-max-in-lofer\/\",\"url\":\"https:\/\/www.dersteinerwirt.at\/en\/ja-man-camp-mit-max-in-lofer\/\",\"name\":\"JA MAN! Camp mit Max in Lofer &#187; DER STEINERWIRT\",\"isPartOf\":{\"@id\":\"https:\/\/www.dersteinerwirt.at\/en\/#website\"},\"primaryImageOfPage\":{\"@id\":\"https:\/\/www.dersteinerwirt.at\/en\/ja-man-camp-mit-max-in-lofer\/#primaryimage\"},\"image\":{\"@id\":\"https:\/\/www.dersteinerwirt.at\/en\/ja-man-camp-mit-max-in-lofer\/#primaryimage\"},\"thumbnailUrl\":\"https:\/\/www.dersteinerwirt.at\/wp-content\/uploads\/2024\/04\/image00001-scaled.jpeg\",\"datePublished\":\"2026-08-31T18:51:33+00:00\",\"dateModified\":\"2026-08-31T19:07:30+00:00\",\"breadcrumb\":{\"@id\":\"https:\/\/www.dersteinerwirt.at\/en\/ja-man-camp-mit-max-in-lofer\/#breadcrumb\"},\"inLanguage\":\"en-US\",\"potentialAction\":[{\"@type\":\"ReadAction\",\"target\":[\"https:\/\/www.dersteinerwirt.at\/en\/ja-man-camp-mit-max-in-lofer\/\"]}]},{\"@type\":\"ImageObject\",\"inLanguage\":\"en-US\",\"@id\":\"https:\/\/www.dersteinerwirt.at\/en\/ja-man-camp-mit-max-in-lofer\/#primaryimage\",\"url\":\"https:\/\/www.dersteinerwirt.at\/wp-content\/uploads\/2024\/04\/image00001-scaled.jpeg\",\"contentUrl\":\"https:\/\/www.dersteinerwirt.at\/wp-content\/uploads\/2024\/04\/image00001-scaled.jpeg\",\"width\":2560,\"height\":1696},{\"@type\":\"BreadcrumbList\",\"@id\":\"https:\/\/www.dersteinerwirt.at\/en\/ja-man-camp-mit-max-in-lofer\/#breadcrumb\",\"itemListElement\":[{\"@type\":\"ListItem\",\"position\":1,\"name\":\"Startseite\",\"item\":\"https:\/\/www.dersteinerwirt.at\/en\/\"},{\"@type\":\"ListItem\",\"position\":2,\"name\":\"JA MAN! Camp mit Max in Lofer\"}]},{\"@type\":\"WebSite\",\"@id\":\"https:\/\/www.dersteinerwirt.at\/en\/#website\",\"url\":\"https:\/\/www.dersteinerwirt.at\/en\/\",\"name\":\"DER STEINERWIRT\",\"description\":\"hangout &amp; hotel\",\"publisher\":{\"@id\":\"https:\/\/www.dersteinerwirt.at\/en\/#organization\"},\"potentialAction\":[{\"@type\":\"SearchAction\",\"target\":{\"@type\":\"EntryPoint\",\"urlTemplate\":\"https:\/\/www.dersteinerwirt.at\/en\/?s={search_term_string}\"},\"query-input\":{\"@type\":\"PropertyValueSpecification\",\"valueRequired\":true,\"valueName\":\"search_term_string\"}}],\"inLanguage\":\"en-US\"},{\"@type\":\"Organization\",\"@id\":\"https:\/\/www.dersteinerwirt.at\/en\/#organization\",\"name\":\"DER STEINERWIRT\",\"url\":\"https:\/\/www.dersteinerwirt.at\/en\/\",\"logo\":{\"@type\":\"ImageObject\",\"inLanguage\":\"en-US\",\"@id\":\"https:\/\/www.dersteinerwirt.at\/en\/#\/schema\/logo\/image\/\",\"url\":\"https:\/\/www.dersteinerwirt.at\/wp-content\/uploads\/2020\/06\/STW_Logo-white_bg-scaled.jpg\",\"contentUrl\":\"https:\/\/www.dersteinerwirt.at\/wp-content\/uploads\/2020\/06\/STW_Logo-white_bg-scaled.jpg\",\"width\":2560,\"height\":2560,\"caption\":\"DER STEINERWIRT\"},\"image\":{\"@id\":\"https:\/\/www.dersteinerwirt.at\/en\/#\/schema\/logo\/image\/\"},\"sameAs\":[\"https:\/\/www.facebook.com\/dersteinerwirt.at\/\",\"https:\/\/www.instagram.com\/der.steinerwirt\/\"]},{\"@type\":\"Person\",\"@id\":\"https:\/\/www.dersteinerwirt.at\/en\/#\/schema\/person\/7f8668c8d072ab97e4ecdd78aed97d97\",\"name\":\"Lisa Maria Roos\",\"image\":{\"@type\":\"ImageObject\",\"inLanguage\":\"en-US\",\"@id\":\"https:\/\/www.dersteinerwirt.at\/en\/#\/schema\/person\/image\/\",\"url\":\"https:\/\/secure.gravatar.com\/avatar\/5f7d1a265ad67891857b6e7389405d55b18140ad2588ee18270763322f13f47f?s=96&d=mm&r=g\",\"contentUrl\":\"https:\/\/secure.gravatar.com\/avatar\/5f7d1a265ad67891857b6e7389405d55b18140ad2588ee18270763322f13f47f?s=96&d=mm&r=g\",\"caption\":\"Lisa Maria Roos\"}}]}<\/script>\n<!-- \/ Yoast SEO plugin. -->","yoast_head_json":{"title":"JA MAN! Camp mit Max in Lofer &#187; DER STEINERWIRT","robots":{"index":"noindex","follow":"follow"},"og_locale":"en_US","og_type":"article","og_title":"JA MAN! Camp mit Max in Lofer &#187; DER STEINERWIRT","og_description":"im September 2027","og_url":"https:\/\/www.dersteinerwirt.at\/en\/ja-man-camp-mit-max-in-lofer\/","og_site_name":"DER STEINERWIRT","article_publisher":"https:\/\/www.facebook.com\/dersteinerwirt.at\/","article_published_time":"2026-08-31T18:51:33+00:00","article_modified_time":"2026-08-31T19:07:30+00:00","og_image":[{"width":2560,"height":1696,"url":"https:\/\/www.dersteinerwirt.at\/wp-content\/uploads\/2024\/04\/image00001-scaled.jpeg","type":"image\/jpeg"}],"author":"Lisa Maria Roos","twitter_card":"summary_large_image","twitter_misc":{"Written by":"Lisa Maria Roos","Est. reading time":"3 minutes"},"schema":{"@context":"https:\/\/schema.org","@graph":[{"@type":"Article","@id":"https:\/\/www.dersteinerwirt.at\/en\/ja-man-camp-mit-max-in-lofer\/#article","isPartOf":{"@id":"https:\/\/www.dersteinerwirt.at\/en\/ja-man-camp-mit-max-in-lofer\/"},"author":{"name":"Lisa Maria Roos","@id":"https:\/\/www.dersteinerwirt.at\/en\/#\/schema\/person\/7f8668c8d072ab97e4ecdd78aed97d97"},"headline":"JA MAN! Camp mit Max in Lofer","datePublished":"2026-08-31T18:51:33+00:00","dateModified":"2026-08-31T19:07:30+00:00","mainEntityOfPage":{"@id":"https:\/\/www.dersteinerwirt.at\/en\/ja-man-camp-mit-max-in-lofer\/"},"wordCount":643,"commentCount":0,"publisher":{"@id":"https:\/\/www.dersteinerwirt.at\/en\/#organization"},"image":{"@id":"https:\/\/www.dersteinerwirt.at\/en\/ja-man-camp-mit-max-in-lofer\/#primaryimage"},"thumbnailUrl":"https:\/\/www.dersteinerwirt.at\/wp-content\/uploads\/2024\/04\/image00001-scaled.jpeg","articleSection":["Events"],"inLanguage":"en-US","potentialAction":[{"@type":"CommentAction","name":"Comment","target":["https:\/\/www.dersteinerwirt.at\/en\/ja-man-camp-mit-max-in-lofer\/#respond"]}]},{"@type":"WebPage","@id":"https:\/\/www.dersteinerwirt.at\/en\/ja-man-camp-mit-max-in-lofer\/","url":"https:\/\/www.dersteinerwirt.at\/en\/ja-man-camp-mit-max-in-lofer\/","name":"JA MAN! Camp mit Max in Lofer &#187; DER STEINERWIRT","isPartOf":{"@id":"https:\/\/www.dersteinerwirt.at\/en\/#website"},"primaryImageOfPage":{"@id":"https:\/\/www.dersteinerwirt.at\/en\/ja-man-camp-mit-max-in-lofer\/#primaryimage"},"image":{"@id":"https:\/\/www.dersteinerwirt.at\/en\/ja-man-camp-mit-max-in-lofer\/#primaryimage"},"thumbnailUrl":"https:\/\/www.dersteinerwirt.at\/wp-content\/uploads\/2024\/04\/image00001-scaled.jpeg","datePublished":"2026-08-31T18:51:33+00:00","dateModified":"2026-08-31T19:07:30+00:00","breadcrumb":{"@id":"https:\/\/www.dersteinerwirt.at\/en\/ja-man-camp-mit-max-in-lofer\/#breadcrumb"},"inLanguage":"en-US","potentialAction":[{"@type":"ReadAction","target":["https:\/\/www.dersteinerwirt.at\/en\/ja-man-camp-mit-max-in-lofer\/"]}]},{"@type":"ImageObject","inLanguage":"en-US","@id":"https:\/\/www.dersteinerwirt.at\/en\/ja-man-camp-mit-max-in-lofer\/#primaryimage","url":"https:\/\/www.dersteinerwirt.at\/wp-content\/uploads\/2024\/04\/image00001-scaled.jpeg","contentUrl":"https:\/\/www.dersteinerwirt.at\/wp-content\/uploads\/2024\/04\/image00001-scaled.jpeg","width":2560,"height":1696},{"@type":"BreadcrumbList","@id":"https:\/\/www.dersteinerwirt.at\/en\/ja-man-camp-mit-max-in-lofer\/#breadcrumb","itemListElement":[{"@type":"ListItem","position":1,"name":"Startseite","item":"https:\/\/www.dersteinerwirt.at\/en\/"},{"@type":"ListItem","position":2,"name":"JA MAN! Camp mit Max in Lofer"}]},{"@type":"WebSite","@id":"https:\/\/www.dersteinerwirt.at\/en\/#website","url":"https:\/\/www.dersteinerwirt.at\/en\/","name":"DER STEINERWIRT","description":"hangout &amp; hotel","publisher":{"@id":"https:\/\/www.dersteinerwirt.at\/en\/#organization"},"potentialAction":[{"@type":"SearchAction","target":{"@type":"EntryPoint","urlTemplate":"https:\/\/www.dersteinerwirt.at\/en\/?s={search_term_string}"},"query-input":{"@type":"PropertyValueSpecification","valueRequired":true,"valueName":"search_term_string"}}],"inLanguage":"en-US"},{"@type":"Organization","@id":"https:\/\/www.dersteinerwirt.at\/en\/#organization","name":"DER STEINERWIRT","url":"https:\/\/www.dersteinerwirt.at\/en\/","logo":{"@type":"ImageObject","inLanguage":"en-US","@id":"https:\/\/www.dersteinerwirt.at\/en\/#\/schema\/logo\/image\/","url":"https:\/\/www.dersteinerwirt.at\/wp-content\/uploads\/2020\/06\/STW_Logo-white_bg-scaled.jpg","contentUrl":"https:\/\/www.dersteinerwirt.at\/wp-content\/uploads\/2020\/06\/STW_Logo-white_bg-scaled.jpg","width":2560,"height":2560,"caption":"DER STEINERWIRT"},"image":{"@id":"https:\/\/www.dersteinerwirt.at\/en\/#\/schema\/logo\/image\/"},"sameAs":["https:\/\/www.facebook.com\/dersteinerwirt.at\/","https:\/\/www.instagram.com\/der.steinerwirt\/"]},{"@type":"Person","@id":"https:\/\/www.dersteinerwirt.at\/en\/#\/schema\/person\/7f8668c8d072ab97e4ecdd78aed97d97","name":"Lisa Maria Roos","image":{"@type":"ImageObject","inLanguage":"en-US","@id":"https:\/\/www.dersteinerwirt.at\/en\/#\/schema\/person\/image\/","url":"https:\/\/secure.gravatar.com\/avatar\/5f7d1a265ad67891857b6e7389405d55b18140ad2588ee18270763322f13f47f?s=96&d=mm&r=g","contentUrl":"https:\/\/secure.gravatar.com\/avatar\/5f7d1a265ad67891857b6e7389405d55b18140ad2588ee18270763322f13f47f?s=96&d=mm&r=g","caption":"Lisa Maria Roos"}}]}},"post_mailing_queue_ids":[],"_links":{"self":[{"href":"https:\/\/www.dersteinerwirt.at\/en\/wp-json\/wp\/v2\/posts\/5299","targetHints":{"allow":["GET"]}}],"collection":[{"href":"https:\/\/www.dersteinerwirt.at\/en\/wp-json\/wp\/v2\/posts"}],"about":[{"href":"https:\/\/www.dersteinerwirt.at\/en\/wp-json\/wp\/v2\/types\/post"}],"author":[{"embeddable":true,"href":"https:\/\/www.dersteinerwirt.at\/en\/wp-json\/wp\/v2\/users\/5"}],"replies":[{"embeddable":true,"href":"https:\/\/www.dersteinerwirt.at\/en\/wp-json\/wp\/v2\/comments?post=5299"}],"version-history":[{"count":4,"href":"https:\/\/www.dersteinerwirt.at\/en\/wp-json\/wp\/v2\/posts\/5299\/revisions"}],"predecessor-version":[{"id":5303,"href":"https:\/\/www.dersteinerwirt.at\/en\/wp-json\/wp\/v2\/posts\/5299\/revisions\/5303"}],"wp:featuredmedia":[{"embeddable":true,"href":"https:\/\/www.dersteinerwirt.at\/en\/wp-json\/wp\/v2\/media\/3655"}],"wp:attachment":[{"href":"https:\/\/www.dersteinerwirt.at\/en\/wp-json\/wp\/v2\/media?parent=5299"}],"wp:term":[{"taxonomy":"category","embeddable":true,"href":"https:\/\/www.dersteinerwirt.at\/en\/wp-json\/wp\/v2\/categories?post=5299"},{"taxonomy":"post_tag","embeddable":true,"href":"https:\/\/www.dersteinerwirt.at\/en\/wp-json\/wp\/v2\/tags?post=5299"}],"curies":[{"name":"wp","href":"https:\/\/api.w.org\/{rel}","templated":true}]}}