{"id":4712,"date":"2025-10-28T14:41:21","date_gmt":"2025-10-28T13:41:21","guid":{"rendered":"https:\/\/www.dersteinerwirt.at\/?p=4712"},"modified":"2026-02-16T15:35:58","modified_gmt":"2026-02-16T14:35:58","slug":"mitsommer_reset","status":"publish","type":"post","link":"https:\/\/www.dersteinerwirt.at\/en\/mitsommer_reset\/","title":{"rendered":"MITSOMMER RESET Innehalten. Verbinden. Neu ausrichten."},"content":{"rendered":"<div class=\"wpb-content-wrapper\"><p>[vc_row][vc_column width=&#8221;1\/1&#8243;][vc_custom_heading separator_color=&#8221;yes&#8221; separator=&#8221;under&#8221; subheading=&#8221;18.\u2013 21. Juni 2026&#8243; uncode_shortcode_id=&#8221;201887&#8243;]<\/p>\n<p style=\"font-weight: 400;\"><strong>MITSOMMER RESET<\/strong><\/p>\n<p style=\"font-weight: 400;\"><strong>Innehalten. Verbinden. Neu ausrichten.<\/strong><\/p>\n<p>[\/vc_custom_heading][vc_column_text uncode_shortcode_id=&#8221;238397&#8243;]<\/p>\n<p style=\"font-weight: 400;\">Der Juni ist da. Das erste Halbjahr liegt hinter dir \u2013 mit H\u00f6hen, die dich gest\u00e4rkt haben, und Momenten, die dich zum Nachdenken gebracht haben.<\/p>\n<p style=\"font-weight: 400;\">Die Sommersonnenwende ist ein Wendepunkt.<\/p>\n<p style=\"font-weight: 400;\">Vier Tage in den Bergen, um wirklich hinzuschauen. Um zu feiern, was war. Und um dich auf das auszurichten, was kommt.<\/p>\n<p style=\"font-weight: 400;\">Menschen um dich, die das verstehen. Menschen, die wissen, dass Wahrhaftigkeit nicht optional ist und dass das Leben durch alle Poren gef\u00fchlt werden darf.<\/p>\n<p style=\"font-weight: 400;\"><strong>PHASE 1: RE-CONNECT: Ankommen bei dir selbst<\/strong><\/p>\n<p style=\"font-weight: 400;\"><strong>Donnerstagnachmittag<\/strong> f\u00e4hrst du in die Berge. Der Alltag bleibt unten.<\/p>\n<p style=\"font-weight: 400;\">Ab 17:30\/18:00 beginnt es mit einem Ritual, das dir zeigt: Du trittst aus einer Zeitrechnung in eine andere ein. Das Nervensystem beruhigt sich.<\/p>\n<p style=\"font-weight: 400;\">Abendessen um 19:00\/19:30.<\/p>\n<p style=\"font-weight: 400;\"><strong>Freitagmorgen <\/strong>8:00 bis 9:30: erdendes Yoga, Atemarbeit und energetische Ausrichtung. Du kommst wieder an in Deinem K\u00f6rper, in Deinem Zuhause.<\/p>\n<p style=\"font-weight: 400;\"><strong>9:30 bis 11:00 Fr\u00fchst\u00fcck <\/strong><\/p>\n<p style=\"font-weight: 400;\"><strong>PHASE 2: RE-LEASE: Das Alte loslassen<\/strong><\/p>\n<p style=\"font-weight: 400;\"><strong>Freitag von 11:00 bis 16:30:<\/strong> <strong>freie Zeit in der Natur.<\/strong><\/p>\n<p style=\"font-weight: 400;\">Auf dem Berg oder am See, in der Sauna oder ganz f\u00fcr dich allein \u2013 das entscheidest du.<\/p>\n<p style=\"font-weight: 400;\">Du nimmst eine Frage mit: Was darfst du loslassen? Was hat seine Zeit gehabt? Diese Frage legst du nicht auf die Waage der Vernunft. Du tr\u00e4gst sie in die H\u00f6he und l\u00e4sst sie dort arbeiten. Die Antwort kommt von allein, wenn der Geist ruhig wird.<\/p>\n<p style=\"font-weight: 400;\"><strong>Freitag 16:30: R\u00fcckschau &amp; Clearing-Session<\/strong>. Gemeinsam werft ihr das alte erste Halbjahr ab \u2013 mental und energetisch. Das ist Vorbereitung f\u00fcr das, das kommt.<\/p>\n<p style=\"font-weight: 400;\"><strong>Freitagabend ab 20:00<\/strong> <strong>Feuerritual.<\/strong> Was dich belastet, was verbraucht ist, was nicht mehr zu dir geh\u00f6rt \u2013 du gibst es ab. Du legst hinein, was gehen darf. Alles geht ins Feuer. Hier wird Altes zu Asche. Hier entsteht Raum f\u00fcr Neues. Die Flammen nehmen, was du nicht mehr tragen willst. Und du stehst leichter da \u2013 bereit f\u00fcr das, was kommt.<\/p>\n<p style=\"font-weight: 400;\"><strong>Die Schwelle ist \u00fcberschritten. Dein Reset beginnt.<\/strong><\/p>\n<p style=\"font-weight: 400;\"><strong>PHASE 3: RE-WRITE: Neu ausrichten und ins Leben bringen<\/strong><\/p>\n<p style=\"font-weight: 400;\"><strong>Samstagmorgen 8:00 bis 9:30: <\/strong>\u00a0Yoga und Atemarbeit. Das Herz \u00f6ffnet sich.<\/p>\n<p style=\"font-weight: 400;\"><strong>9:30 bis 11:00: Fr\u00fchst\u00fcck<\/strong><\/p>\n<p style=\"font-weight: 400;\"><strong>11:00 bis 16:30: freie Zeit in der Natur. <\/strong>Eine Frage richtet Deine Intuition aus: Was m\u00f6chtest du jetzt einladen. Was soll in diesem 2. Halbjahr wachsen? Welche Samen m\u00f6chtest du s\u00e4en?<\/p>\n<p style=\"font-weight: 400;\"><strong>Sonntag 16:30 Visionierung-Session:<\/strong> Deine Vision entsteht nicht im Kopf, sie w\u00e4chst aus dem Herzen. Hier wird sie in deinem Nervensystem verankert \u2013 aus einem satten, ganzen Gef\u00fchl heraus. Dein ganzer K\u00f6rper wei\u00df, wof\u00fcr \u2013 bevor dein Verstand es in Worte fasst. Das ist Ausrichtung aus der Tiefe. Keine Konstruktion \u2013 sondern Resonanz mit dem, was bereits in dir lebt.<\/p>\n<p style=\"font-weight: 400;\"><strong>Ab ca. 18.00 &#8211; 18.30<\/strong> freie Zeit <strong>SONNENWEND-NACHT- Deine Zeit<\/strong> \u00a0\u00a0\u00a0\u00a0\u00a0\u00a0\u00a0\u00a0\u00a0\u00a0\u00a0\u00a0\u00a0\u00a0\u00a0\u00a0\u00a0\u00a0\u00a0 \u00a0\u00a0\u00a0\u00a0\u00a0\u00a0\u00a0\u00a0\u00a0\u00a0\u00a0\u00a0\u00a0\u00a0\u00a0\u00a0\u00a0\u00a0\u00a0\u00a0\u00a0\u00a0\u00a0\u00a0\u00a0\u00a0\u00a0\u00a0\u00a0\u00a0\u00a0\u00a0\u00a0\u00a0\u00a0\u00a0Die Berge rund um uns entz\u00fcnden ihre Feuer. Du kannst hinaufsteigen und die Feuerstellen oben auf den Bergen bewundern. Du kannst vom Hotel aus die Lichter in den Bergen beobachten. Oder du entscheidest dich f\u00fcr etwas ganz anderes. Es ist deine Zeit. Deine Nacht. Dein Mitsommer.<\/p>\n<p style=\"font-weight: 400;\"><strong>Montagmorgen 8:00 bis 10:00<\/strong> Yoga, Atemarbeit, Verankerung im Alltag &amp; Abschluss-Ritual. Deine Vision braucht einen Weg ins echte Leben. Was ist der erste Schritt? Diese Woche. Dieser Monat.<\/p>\n<p style=\"font-weight: 400;\">Dann verabschiedest du dich von diesen vier Tagen. Du tr\u00e4gst sie mit nach Hause \u2013 in deinem K\u00f6rper, in deiner neuen Ausrichtung. Um 18:30 ist Check-out.<\/p>\n<ul style=\"font-weight: 400;\">\n<li>3 \u00dcbernachtungen<\/li>\n<li>Fr\u00fchst\u00fcck und 2x Abendessen, Getr\u00e4nke exklusive<\/li>\n<li>2 Sessions am Tag: Yoga, Atemarbeit, Energiearbeit, Meditationen &amp; Rituale<\/li>\n<li>Das Sonnenwendfest<\/li>\n<li>Sauna<\/li>\n<li>Dein Journal<\/li>\n<li>Check-In in der Gruppe nach einem Monat<\/li>\n<\/ul>\n<p style=\"font-weight: 400;\"><strong>PREIS<\/strong><\/p>\n<p style=\"font-weight: 400;\"><strong>Einzelzimmer:<\/strong> 829\u20ac<br \/>\n(589\u20ac Zimmer + 240\u20ac Programm)<\/p>\n<p style=\"font-weight: 400;\"><strong>Doppelzimmer:<\/strong> 629\u20ac pro Person<br \/>\n(389\u20ac Zimmer + 240\u20ac Programm)<\/p>\n<p style=\"font-weight: 400;\">G\u00fcnstigere Airbnb Option 300m vom Steinerwirt auf Anfrage m\u00f6glich.<\/p>\n<p style=\"font-weight: 400;\"><strong>OPTIONAL DAZUBUCHEN<\/strong><\/p>\n<p style=\"font-weight: 400;\">W\u00e4hrend der freien Zeit kannst du zu Retreat-Preisen optional buchen:<\/p>\n<ul style=\"font-weight: 400;\">\n<li><strong>Coaching f\u00fcr Kl\u00e4rung<\/strong> \u2013 wenn du im Nebel stehst, die Gedanken und Ratschl\u00e4ge sich im Kopf drehen und Du Dich nach \u201einstant Klarheit\u201c sehnst, kannst Du vor Ort ein Coaching buchen (bei Regine)<\/li>\n<li><strong>Reiki<\/strong> \u2013 f\u00fcr energetische Ausrichtung (bei Bea)<\/li>\n<\/ul>\n<p style=\"font-weight: 400;\"><strong>F\u00dcR WEN<\/strong><\/p>\n<p style=\"font-weight: 400;\">F\u00fcr Menschen, die sich nach Natur, Echtheit und echter Verbindung sehnen. F\u00fcr Menschen, die das erste Halbjahr nicht einfach abhaken, sondern daraus wachsen wollen. F\u00fcr Menschen, die bereit sind, sich neu auszurichten statt weiterzumachen wie bisher.<\/p>\n<p style=\"font-weight: 400;\">8 bis 10 Menschen maximal.<\/p>\n<p style=\"font-weight: 400;\"><strong>DANACH<\/strong><\/p>\n<p style=\"font-weight: 400;\">The Unfolding Circle folgt im Sommer: 10 Monate Verbundenheit mit dir selbst \u2013 getragen von einem Kreis wahrhaftiger Menschen \u2013 um dich selbst intuitiv in ein freies und echtes Leben zu f\u00fchren. Retreat-TeilnehmerInnen: 20% Rabatt.<\/p>\n<p style=\"font-weight: 400;\"><strong>ANMELDEN<\/strong><\/p>\n<p style=\"font-weight: 400;\">Du kannst Dich direkt anmelden oder einfach mit uns in Kontakt treten, wenn Du Fragen hast und Dich einf\u00fchlen m\u00f6chtest, ob der Mitsommer Reset gerade das Richtige f\u00fcr Dich ist.<\/p>\n<p style=\"font-weight: 400;\"><a href=\"mailto:Regine.Huettebraeuker@outlook.com\"><strong>Regine.Huettebraeuker@outlook.com<\/strong><\/a><strong> oder <\/strong><a href=\"mailto:Beate.Gaigl@gmx.de\"><strong>Beate.Gaigl@gmx.de<\/strong><\/a><\/p>\n<p style=\"font-weight: 400;\"><strong>Anmeldung der Unterkunft direkt \u00fcber den Steinerwirt. <\/strong><\/p>\n<p style=\"font-weight: 400;\"><em>Gekl\u00e4rt. Ausgerichtet. Lebendig.<\/em><\/p>\n<p style=\"font-weight: 400;\"><strong>Regine &amp; Bea<\/strong><br \/>\nThe Light Club<\/p>\n<p>[\/vc_column_text][\/vc_column][\/vc_row][vc_row row_height_percent=&#8221;0&#8243; override_padding=&#8221;yes&#8221; h_padding=&#8221;2&#8243; top_padding=&#8221;5&#8243; bottom_padding=&#8221;3&#8243; overlay_alpha=&#8221;100&#8243; gutter_size=&#8221;3&#8243; column_width_percent=&#8221;100&#8243; shift_y=&#8221;0&#8243; z_index=&#8221;0&#8243; row_height_use_pixel=&#8221;&#8221;][vc_column column_width_use_pixel=&#8221;yes&#8221; gutter_size=&#8221;3&#8243; overlay_alpha=&#8221;50&#8243; shift_x=&#8221;0&#8243; shift_y=&#8221;0&#8243; medium_width=&#8221;0&#8243; zoom_width=&#8221;0&#8243; zoom_height=&#8221;0&#8243; column_width_pixel=&#8221;800&#8243;][vc_gallery el_id=&#8221;gallery-419985&#8243; medias=&#8221;4973,4972,4971&#8243; gutter_size=&#8221;3&#8243; screen_lg=&#8221;1000&#8243; screen_md=&#8221;600&#8243; screen_sm=&#8221;480&#8243; single_overlay_opacity=&#8221;50&#8243; single_padding=&#8221;2&#8243; uncode_shortcode_id=&#8221;436884&#8243;][\/vc_column][\/vc_row][vc_row row_height_percent=&#8221;0&#8243; override_padding=&#8221;yes&#8221; h_padding=&#8221;2&#8243; top_padding=&#8221;0&#8243; bottom_padding=&#8221;0&#8243; overlay_alpha=&#8221;100&#8243; gutter_size=&#8221;3&#8243; column_width_percent=&#8221;100&#8243; shift_y=&#8221;0&#8243; z_index=&#8221;0&#8243; row_height_use_pixel=&#8221;&#8221;][vc_column column_width_percent=&#8221;100&#8243; gutter_size=&#8221;3&#8243; overlay_alpha=&#8221;50&#8243; shift_x=&#8221;0&#8243; shift_y=&#8221;0&#8243; medium_width=&#8221;0&#8243; zoom_width=&#8221;0&#8243; zoom_height=&#8221;0&#8243; width=&#8221;1\/6&#8243;][vc_button button_color=&#8221;color-schoppergreen&#8221; border_width=&#8221;0&#8243; link=&#8221;url:mailto%3Ainfo%40dersteinerwirt.at|target:_blank&#8221; button_color_type=&#8221;uncode-palette&#8221; uncode_shortcode_id=&#8221;190006&#8243;]HIER KANNST DU DEIN MITSOMMER RESET BUCHEN[\/vc_button][\/vc_column][\/vc_row][vc_row row_height_percent=&#8221;0&#8243; override_padding=&#8221;yes&#8221; h_padding=&#8221;2&#8243; top_padding=&#8221;3&#8243; bottom_padding=&#8221;3&#8243; overlay_alpha=&#8221;100&#8243; gutter_size=&#8221;3&#8243; column_width_percent=&#8221;100&#8243; shift_y=&#8221;0&#8243; z_index=&#8221;0&#8243; row_height_use_pixel=&#8221;&#8221;][vc_column column_width_use_pixel=&#8221;yes&#8221; gutter_size=&#8221;3&#8243; overlay_alpha=&#8221;50&#8243; shift_x=&#8221;0&#8243; shift_y=&#8221;0&#8243; medium_width=&#8221;0&#8243; zoom_width=&#8221;0&#8243; zoom_height=&#8221;0&#8243; column_width_pixel=&#8221;800&#8243;][\/vc_column][\/vc_row]<\/p>\n<\/div>","protected":false},"excerpt":{"rendered":"<p>18.- 21. Juni 2026<\/p>\n","protected":false},"author":4,"featured_media":4977,"comment_status":"open","ping_status":"open","sticky":false,"template":"","format":"standard","meta":{"footnotes":""},"categories":[14],"tags":[],"class_list":["post-4712","post","type-post","status-publish","format-standard","has-post-thumbnail","hentry","category-events"],"yoast_head":"<!-- This site is optimized with the Yoast SEO plugin v27.1.1 - https:\/\/yoast.com\/product\/yoast-seo-wordpress\/ -->\n<title>MITSOMMER RESET Innehalten. Verbinden. Neu ausrichten. &#187; DER STEINERWIRT<\/title>\n<meta name=\"robots\" content=\"noindex, follow\" \/>\n<meta property=\"og:locale\" content=\"en_US\" \/>\n<meta property=\"og:type\" content=\"article\" \/>\n<meta property=\"og:title\" content=\"MITSOMMER RESET Innehalten. Verbinden. Neu ausrichten. &#187; DER STEINERWIRT\" \/>\n<meta property=\"og:description\" content=\"18.- 21. Juni 2026\" \/>\n<meta property=\"og:url\" content=\"https:\/\/www.dersteinerwirt.at\/en\/mitsommer_reset\/\" \/>\n<meta property=\"og:site_name\" content=\"DER STEINERWIRT\" \/>\n<meta property=\"article:publisher\" content=\"https:\/\/www.facebook.com\/dersteinerwirt.at\/\" \/>\n<meta property=\"article:published_time\" content=\"2025-10-28T13:41:21+00:00\" \/>\n<meta property=\"article:modified_time\" content=\"2026-02-16T14:35:58+00:00\" \/>\n<meta property=\"og:image\" content=\"https:\/\/www.dersteinerwirt.at\/wp-content\/uploads\/2025\/10\/Bergfeuer_in_Lofer.jpg\" \/>\n\t<meta property=\"og:image:width\" content=\"1024\" \/>\n\t<meta property=\"og:image:height\" content=\"576\" \/>\n\t<meta property=\"og:image:type\" content=\"image\/jpeg\" \/>\n<meta name=\"author\" content=\"Admin alma\" \/>\n<meta name=\"twitter:card\" content=\"summary_large_image\" \/>\n<meta name=\"twitter:label1\" content=\"Written by\" \/>\n\t<meta name=\"twitter:data1\" content=\"Admin alma\" \/>\n\t<meta name=\"twitter:label2\" content=\"Est. reading time\" \/>\n\t<meta name=\"twitter:data2\" content=\"5 minutes\" \/>\n<script type=\"application\/ld+json\" class=\"yoast-schema-graph\">{\"@context\":\"https:\/\/schema.org\",\"@graph\":[{\"@type\":\"Article\",\"@id\":\"https:\/\/www.dersteinerwirt.at\/en\/mitsommer_reset\/#article\",\"isPartOf\":{\"@id\":\"https:\/\/www.dersteinerwirt.at\/en\/mitsommer_reset\/\"},\"author\":{\"name\":\"Admin alma\",\"@id\":\"https:\/\/www.dersteinerwirt.at\/en\/#\/schema\/person\/5272d8f1071b3286d251fb6273464689\"},\"headline\":\"MITSOMMER RESET Innehalten. Verbinden. Neu ausrichten.\",\"datePublished\":\"2025-10-28T13:41:21+00:00\",\"dateModified\":\"2026-02-16T14:35:58+00:00\",\"mainEntityOfPage\":{\"@id\":\"https:\/\/www.dersteinerwirt.at\/en\/mitsommer_reset\/\"},\"wordCount\":1041,\"commentCount\":0,\"publisher\":{\"@id\":\"https:\/\/www.dersteinerwirt.at\/en\/#organization\"},\"image\":{\"@id\":\"https:\/\/www.dersteinerwirt.at\/en\/mitsommer_reset\/#primaryimage\"},\"thumbnailUrl\":\"https:\/\/www.dersteinerwirt.at\/wp-content\/uploads\/2025\/10\/Bergfeuer_in_Lofer.jpg\",\"articleSection\":[\"Events\"],\"inLanguage\":\"en-US\",\"potentialAction\":[{\"@type\":\"CommentAction\",\"name\":\"Comment\",\"target\":[\"https:\/\/www.dersteinerwirt.at\/en\/mitsommer_reset\/#respond\"]}]},{\"@type\":\"WebPage\",\"@id\":\"https:\/\/www.dersteinerwirt.at\/en\/mitsommer_reset\/\",\"url\":\"https:\/\/www.dersteinerwirt.at\/en\/mitsommer_reset\/\",\"name\":\"MITSOMMER RESET Innehalten. Verbinden. Neu ausrichten. &#187; DER STEINERWIRT\",\"isPartOf\":{\"@id\":\"https:\/\/www.dersteinerwirt.at\/en\/#website\"},\"primaryImageOfPage\":{\"@id\":\"https:\/\/www.dersteinerwirt.at\/en\/mitsommer_reset\/#primaryimage\"},\"image\":{\"@id\":\"https:\/\/www.dersteinerwirt.at\/en\/mitsommer_reset\/#primaryimage\"},\"thumbnailUrl\":\"https:\/\/www.dersteinerwirt.at\/wp-content\/uploads\/2025\/10\/Bergfeuer_in_Lofer.jpg\",\"datePublished\":\"2025-10-28T13:41:21+00:00\",\"dateModified\":\"2026-02-16T14:35:58+00:00\",\"breadcrumb\":{\"@id\":\"https:\/\/www.dersteinerwirt.at\/en\/mitsommer_reset\/#breadcrumb\"},\"inLanguage\":\"en-US\",\"potentialAction\":[{\"@type\":\"ReadAction\",\"target\":[\"https:\/\/www.dersteinerwirt.at\/en\/mitsommer_reset\/\"]}]},{\"@type\":\"ImageObject\",\"inLanguage\":\"en-US\",\"@id\":\"https:\/\/www.dersteinerwirt.at\/en\/mitsommer_reset\/#primaryimage\",\"url\":\"https:\/\/www.dersteinerwirt.at\/wp-content\/uploads\/2025\/10\/Bergfeuer_in_Lofer.jpg\",\"contentUrl\":\"https:\/\/www.dersteinerwirt.at\/wp-content\/uploads\/2025\/10\/Bergfeuer_in_Lofer.jpg\",\"width\":1024,\"height\":576},{\"@type\":\"BreadcrumbList\",\"@id\":\"https:\/\/www.dersteinerwirt.at\/en\/mitsommer_reset\/#breadcrumb\",\"itemListElement\":[{\"@type\":\"ListItem\",\"position\":1,\"name\":\"Startseite\",\"item\":\"https:\/\/www.dersteinerwirt.at\/en\/\"},{\"@type\":\"ListItem\",\"position\":2,\"name\":\"MITSOMMER RESET Innehalten. Verbinden. Neu ausrichten.\"}]},{\"@type\":\"WebSite\",\"@id\":\"https:\/\/www.dersteinerwirt.at\/en\/#website\",\"url\":\"https:\/\/www.dersteinerwirt.at\/en\/\",\"name\":\"DER STEINERWIRT\",\"description\":\"hangout &amp; hotel\",\"publisher\":{\"@id\":\"https:\/\/www.dersteinerwirt.at\/en\/#organization\"},\"potentialAction\":[{\"@type\":\"SearchAction\",\"target\":{\"@type\":\"EntryPoint\",\"urlTemplate\":\"https:\/\/www.dersteinerwirt.at\/en\/?s={search_term_string}\"},\"query-input\":{\"@type\":\"PropertyValueSpecification\",\"valueRequired\":true,\"valueName\":\"search_term_string\"}}],\"inLanguage\":\"en-US\"},{\"@type\":\"Organization\",\"@id\":\"https:\/\/www.dersteinerwirt.at\/en\/#organization\",\"name\":\"DER STEINERWIRT\",\"url\":\"https:\/\/www.dersteinerwirt.at\/en\/\",\"logo\":{\"@type\":\"ImageObject\",\"inLanguage\":\"en-US\",\"@id\":\"https:\/\/www.dersteinerwirt.at\/en\/#\/schema\/logo\/image\/\",\"url\":\"https:\/\/www.dersteinerwirt.at\/wp-content\/uploads\/2020\/06\/STW_Logo-white_bg-scaled.jpg\",\"contentUrl\":\"https:\/\/www.dersteinerwirt.at\/wp-content\/uploads\/2020\/06\/STW_Logo-white_bg-scaled.jpg\",\"width\":2560,\"height\":2560,\"caption\":\"DER STEINERWIRT\"},\"image\":{\"@id\":\"https:\/\/www.dersteinerwirt.at\/en\/#\/schema\/logo\/image\/\"},\"sameAs\":[\"https:\/\/www.facebook.com\/dersteinerwirt.at\/\",\"https:\/\/www.instagram.com\/der.steinerwirt\/\"]},{\"@type\":\"Person\",\"@id\":\"https:\/\/www.dersteinerwirt.at\/en\/#\/schema\/person\/5272d8f1071b3286d251fb6273464689\",\"name\":\"Admin alma\",\"image\":{\"@type\":\"ImageObject\",\"inLanguage\":\"en-US\",\"@id\":\"https:\/\/www.dersteinerwirt.at\/en\/#\/schema\/person\/image\/\",\"url\":\"https:\/\/secure.gravatar.com\/avatar\/7b17761704c8e86846d57991d4f300a02fa4b11e1f500eb2d665243927a5802c?s=96&d=mm&r=g\",\"contentUrl\":\"https:\/\/secure.gravatar.com\/avatar\/7b17761704c8e86846d57991d4f300a02fa4b11e1f500eb2d665243927a5802c?s=96&d=mm&r=g\",\"caption\":\"Admin alma\"}}]}<\/script>\n<!-- \/ Yoast SEO plugin. -->","yoast_head_json":{"title":"MITSOMMER RESET Innehalten. Verbinden. Neu ausrichten. &#187; DER STEINERWIRT","robots":{"index":"noindex","follow":"follow"},"og_locale":"en_US","og_type":"article","og_title":"MITSOMMER RESET Innehalten. Verbinden. Neu ausrichten. &#187; DER STEINERWIRT","og_description":"18.- 21. Juni 2026","og_url":"https:\/\/www.dersteinerwirt.at\/en\/mitsommer_reset\/","og_site_name":"DER STEINERWIRT","article_publisher":"https:\/\/www.facebook.com\/dersteinerwirt.at\/","article_published_time":"2025-10-28T13:41:21+00:00","article_modified_time":"2026-02-16T14:35:58+00:00","og_image":[{"width":1024,"height":576,"url":"https:\/\/www.dersteinerwirt.at\/wp-content\/uploads\/2025\/10\/Bergfeuer_in_Lofer.jpg","type":"image\/jpeg"}],"author":"Admin alma","twitter_card":"summary_large_image","twitter_misc":{"Written by":"Admin alma","Est. reading time":"5 minutes"},"schema":{"@context":"https:\/\/schema.org","@graph":[{"@type":"Article","@id":"https:\/\/www.dersteinerwirt.at\/en\/mitsommer_reset\/#article","isPartOf":{"@id":"https:\/\/www.dersteinerwirt.at\/en\/mitsommer_reset\/"},"author":{"name":"Admin alma","@id":"https:\/\/www.dersteinerwirt.at\/en\/#\/schema\/person\/5272d8f1071b3286d251fb6273464689"},"headline":"MITSOMMER RESET Innehalten. Verbinden. Neu ausrichten.","datePublished":"2025-10-28T13:41:21+00:00","dateModified":"2026-02-16T14:35:58+00:00","mainEntityOfPage":{"@id":"https:\/\/www.dersteinerwirt.at\/en\/mitsommer_reset\/"},"wordCount":1041,"commentCount":0,"publisher":{"@id":"https:\/\/www.dersteinerwirt.at\/en\/#organization"},"image":{"@id":"https:\/\/www.dersteinerwirt.at\/en\/mitsommer_reset\/#primaryimage"},"thumbnailUrl":"https:\/\/www.dersteinerwirt.at\/wp-content\/uploads\/2025\/10\/Bergfeuer_in_Lofer.jpg","articleSection":["Events"],"inLanguage":"en-US","potentialAction":[{"@type":"CommentAction","name":"Comment","target":["https:\/\/www.dersteinerwirt.at\/en\/mitsommer_reset\/#respond"]}]},{"@type":"WebPage","@id":"https:\/\/www.dersteinerwirt.at\/en\/mitsommer_reset\/","url":"https:\/\/www.dersteinerwirt.at\/en\/mitsommer_reset\/","name":"MITSOMMER RESET Innehalten. Verbinden. Neu ausrichten. &#187; DER STEINERWIRT","isPartOf":{"@id":"https:\/\/www.dersteinerwirt.at\/en\/#website"},"primaryImageOfPage":{"@id":"https:\/\/www.dersteinerwirt.at\/en\/mitsommer_reset\/#primaryimage"},"image":{"@id":"https:\/\/www.dersteinerwirt.at\/en\/mitsommer_reset\/#primaryimage"},"thumbnailUrl":"https:\/\/www.dersteinerwirt.at\/wp-content\/uploads\/2025\/10\/Bergfeuer_in_Lofer.jpg","datePublished":"2025-10-28T13:41:21+00:00","dateModified":"2026-02-16T14:35:58+00:00","breadcrumb":{"@id":"https:\/\/www.dersteinerwirt.at\/en\/mitsommer_reset\/#breadcrumb"},"inLanguage":"en-US","potentialAction":[{"@type":"ReadAction","target":["https:\/\/www.dersteinerwirt.at\/en\/mitsommer_reset\/"]}]},{"@type":"ImageObject","inLanguage":"en-US","@id":"https:\/\/www.dersteinerwirt.at\/en\/mitsommer_reset\/#primaryimage","url":"https:\/\/www.dersteinerwirt.at\/wp-content\/uploads\/2025\/10\/Bergfeuer_in_Lofer.jpg","contentUrl":"https:\/\/www.dersteinerwirt.at\/wp-content\/uploads\/2025\/10\/Bergfeuer_in_Lofer.jpg","width":1024,"height":576},{"@type":"BreadcrumbList","@id":"https:\/\/www.dersteinerwirt.at\/en\/mitsommer_reset\/#breadcrumb","itemListElement":[{"@type":"ListItem","position":1,"name":"Startseite","item":"https:\/\/www.dersteinerwirt.at\/en\/"},{"@type":"ListItem","position":2,"name":"MITSOMMER RESET Innehalten. Verbinden. Neu ausrichten."}]},{"@type":"WebSite","@id":"https:\/\/www.dersteinerwirt.at\/en\/#website","url":"https:\/\/www.dersteinerwirt.at\/en\/","name":"DER STEINERWIRT","description":"hangout &amp; hotel","publisher":{"@id":"https:\/\/www.dersteinerwirt.at\/en\/#organization"},"potentialAction":[{"@type":"SearchAction","target":{"@type":"EntryPoint","urlTemplate":"https:\/\/www.dersteinerwirt.at\/en\/?s={search_term_string}"},"query-input":{"@type":"PropertyValueSpecification","valueRequired":true,"valueName":"search_term_string"}}],"inLanguage":"en-US"},{"@type":"Organization","@id":"https:\/\/www.dersteinerwirt.at\/en\/#organization","name":"DER STEINERWIRT","url":"https:\/\/www.dersteinerwirt.at\/en\/","logo":{"@type":"ImageObject","inLanguage":"en-US","@id":"https:\/\/www.dersteinerwirt.at\/en\/#\/schema\/logo\/image\/","url":"https:\/\/www.dersteinerwirt.at\/wp-content\/uploads\/2020\/06\/STW_Logo-white_bg-scaled.jpg","contentUrl":"https:\/\/www.dersteinerwirt.at\/wp-content\/uploads\/2020\/06\/STW_Logo-white_bg-scaled.jpg","width":2560,"height":2560,"caption":"DER STEINERWIRT"},"image":{"@id":"https:\/\/www.dersteinerwirt.at\/en\/#\/schema\/logo\/image\/"},"sameAs":["https:\/\/www.facebook.com\/dersteinerwirt.at\/","https:\/\/www.instagram.com\/der.steinerwirt\/"]},{"@type":"Person","@id":"https:\/\/www.dersteinerwirt.at\/en\/#\/schema\/person\/5272d8f1071b3286d251fb6273464689","name":"Admin alma","image":{"@type":"ImageObject","inLanguage":"en-US","@id":"https:\/\/www.dersteinerwirt.at\/en\/#\/schema\/person\/image\/","url":"https:\/\/secure.gravatar.com\/avatar\/7b17761704c8e86846d57991d4f300a02fa4b11e1f500eb2d665243927a5802c?s=96&d=mm&r=g","contentUrl":"https:\/\/secure.gravatar.com\/avatar\/7b17761704c8e86846d57991d4f300a02fa4b11e1f500eb2d665243927a5802c?s=96&d=mm&r=g","caption":"Admin alma"}}]}},"post_mailing_queue_ids":[],"_links":{"self":[{"href":"https:\/\/www.dersteinerwirt.at\/en\/wp-json\/wp\/v2\/posts\/4712","targetHints":{"allow":["GET"]}}],"collection":[{"href":"https:\/\/www.dersteinerwirt.at\/en\/wp-json\/wp\/v2\/posts"}],"about":[{"href":"https:\/\/www.dersteinerwirt.at\/en\/wp-json\/wp\/v2\/types\/post"}],"author":[{"embeddable":true,"href":"https:\/\/www.dersteinerwirt.at\/en\/wp-json\/wp\/v2\/users\/4"}],"replies":[{"embeddable":true,"href":"https:\/\/www.dersteinerwirt.at\/en\/wp-json\/wp\/v2\/comments?post=4712"}],"version-history":[{"count":24,"href":"https:\/\/www.dersteinerwirt.at\/en\/wp-json\/wp\/v2\/posts\/4712\/revisions"}],"predecessor-version":[{"id":4990,"href":"https:\/\/www.dersteinerwirt.at\/en\/wp-json\/wp\/v2\/posts\/4712\/revisions\/4990"}],"wp:featuredmedia":[{"embeddable":true,"href":"https:\/\/www.dersteinerwirt.at\/en\/wp-json\/wp\/v2\/media\/4977"}],"wp:attachment":[{"href":"https:\/\/www.dersteinerwirt.at\/en\/wp-json\/wp\/v2\/media?parent=4712"}],"wp:term":[{"taxonomy":"category","embeddable":true,"href":"https:\/\/www.dersteinerwirt.at\/en\/wp-json\/wp\/v2\/categories?post=4712"},{"taxonomy":"post_tag","embeddable":true,"href":"https:\/\/www.dersteinerwirt.at\/en\/wp-json\/wp\/v2\/tags?post=4712"}],"curies":[{"name":"wp","href":"https:\/\/api.w.org\/{rel}","templated":true}]}}